{"id":519,"date":"2022-09-27T07:36:38","date_gmt":"2022-09-27T07:36:38","guid":{"rendered":"https:\/\/fdp-neuhausen.ch\/?p=519"},"modified":"2022-09-27T07:36:38","modified_gmt":"2022-09-27T07:36:38","slug":"erfolgreicher-walk-and-talk-im-rhytech-quartier","status":"publish","type":"post","link":"https:\/\/fdp-neuhausen.ch\/index.php\/2022\/09\/27\/erfolgreicher-walk-and-talk-im-rhytech-quartier\/","title":{"rendered":"Erfolgreicher &#8222;Walk and Talk&#8220; im RhyTech-Quartier"},"content":{"rendered":"\n<p>Am 20. September 2022 erhielten wir spannende Einblicke in die bauliche Entwicklung auf dem RhyTech-Areal. Sogar den Ausblick vom h\u00f6chsten Geb\u00e4ude der Gemeinde durften wir geniessen. Herzlichen Dank an dieser Stelle an Pascal Welti von der Halter AG f\u00fcr die interessanten Ausf\u00fchrungen.<\/p>\n\n\n\n<p>Die n\u00e4chste \u00f6ffentliche Veranstaltung der FDP Neuhausen ist der &#8222;Talk on the Rocks&#8220; am 17. November im Gr\u00fcnerbaum. Direkt anschliessend findet f\u00fcr Parteimitglieder das traditionelle Jahresschlussessen statt. Detailinfos finden Sie bald auf unserer Webseite. Wir freuen uns auf Ihre Teilnahme.<\/p>\n\n\n\n<p><\/p>\n\n\n\n<figure class=\"wp-block-image size-large\"><img fetchpriority=\"high\" decoding=\"async\" width=\"1024\" height=\"614\" src=\"https:\/\/fdp-neuhausen.ch\/wp-content\/uploads\/2022\/09\/220927_Bock_WalkandTalk_RhyTech-1-1024x614.png\" alt=\"\" class=\"wp-image-518\" srcset=\"https:\/\/fdp-neuhausen.ch\/wp-content\/uploads\/2022\/09\/220927_Bock_WalkandTalk_RhyTech-1-1024x614.png 1024w, https:\/\/fdp-neuhausen.ch\/wp-content\/uploads\/2022\/09\/220927_Bock_WalkandTalk_RhyTech-1-300x180.png 300w, https:\/\/fdp-neuhausen.ch\/wp-content\/uploads\/2022\/09\/220927_Bock_WalkandTalk_RhyTech-1-768x461.png 768w, https:\/\/fdp-neuhausen.ch\/wp-content\/uploads\/2022\/09\/220927_Bock_WalkandTalk_RhyTech-1.png 1345w\" sizes=\"(max-width: 1024px) 100vw, 1024px\" \/><\/figure>\n","protected":false},"excerpt":{"rendered":"<p>Am 20. September 2022 erhielten wir spannende Einblicke in die bauliche Entwicklung auf dem RhyTech-Areal. Sogar den Ausblick vom h\u00f6chsten Geb\u00e4ude der Gemeinde durften wir geniessen. Herzlichen Dank an dieser Stelle an Pascal Welti von der Halter AG f\u00fcr die interessanten Ausf\u00fchrungen. Die n\u00e4chste \u00f6ffentliche Veranstaltung der FDP Neuhausen ist der &#8222;Talk on the Rocks&#8220; [&hellip;]<\/p>\n","protected":false},"author":3,"featured_media":0,"comment_status":"open","ping_status":"closed","sticky":false,"template":"","format":"standard","meta":{"footnotes":""},"categories":[13],"tags":[43,42],"class_list":["post-519","post","type-post","status-publish","format-standard","hentry","category-veranstaltung","tag-rhytech","tag-walkandtalk","entry"],"_links":{"self":[{"href":"https:\/\/fdp-neuhausen.ch\/index.php\/wp-json\/wp\/v2\/posts\/519","targetHints":{"allow":["GET"]}}],"collection":[{"href":"https:\/\/fdp-neuhausen.ch\/index.php\/wp-json\/wp\/v2\/posts"}],"about":[{"href":"https:\/\/fdp-neuhausen.ch\/index.php\/wp-json\/wp\/v2\/types\/post"}],"author":[{"embeddable":true,"href":"https:\/\/fdp-neuhausen.ch\/index.php\/wp-json\/wp\/v2\/users\/3"}],"replies":[{"embeddable":true,"href":"https:\/\/fdp-neuhausen.ch\/index.php\/wp-json\/wp\/v2\/comments?post=519"}],"version-history":[{"count":1,"href":"https:\/\/fdp-neuhausen.ch\/index.php\/wp-json\/wp\/v2\/posts\/519\/revisions"}],"predecessor-version":[{"id":520,"href":"https:\/\/fdp-neuhausen.ch\/index.php\/wp-json\/wp\/v2\/posts\/519\/revisions\/520"}],"wp:attachment":[{"href":"https:\/\/fdp-neuhausen.ch\/index.php\/wp-json\/wp\/v2\/media?parent=519"}],"wp:term":[{"taxonomy":"category","embeddable":true,"href":"https:\/\/fdp-neuhausen.ch\/index.php\/wp-json\/wp\/v2\/categories?post=519"},{"taxonomy":"post_tag","embeddable":true,"href":"https:\/\/fdp-neuhausen.ch\/index.php\/wp-json\/wp\/v2\/tags?post=519"}],"curies":[{"name":"wp","href":"https:\/\/api.w.org\/{rel}","templated":true}]}}