{"id":639,"date":"2023-08-28T09:05:37","date_gmt":"2023-08-28T09:05:37","guid":{"rendered":"https:\/\/fdp-neuhausen.ch\/?p=639"},"modified":"2023-08-28T09:06:19","modified_gmt":"2023-08-28T09:06:19","slug":"ig-lebendige-politik-anlass-neuhausen-macht-schule-aber-wie","status":"publish","type":"post","link":"https:\/\/fdp-neuhausen.ch\/index.php\/2023\/08\/28\/ig-lebendige-politik-anlass-neuhausen-macht-schule-aber-wie\/","title":{"rendered":"IG lebendige Politik Anlass \u00abNeuhausen macht Schule \u2013 aber wie?\u00bb"},"content":{"rendered":"\n<p>Die \u00fcberparteiliche IG lebendige Politik f\u00fchrt am Montag, 28.8.2023 ab 19 Uhr im Kirchacker Schulhaus eine \u00f6ffentliche Informations- und Diskussionsveranstaltung unter dem Titel \u00abNeuhausen macht Schule \u2013 aber wie?\u00bb durch.<\/p>\n\n\n\n<p>Dieser Anlass wurde durch uns, Nina Sch\u00e4rrer und Peter Fischli sind in der IG f\u00fcr die FDP t\u00e4tig, angestossen. Ziel ist, dass jeder und jede Interessierte sich zum vorgegebenen Thema \u00e4ussern, informieren und austauschen kann.<\/p>\n\n\n\n<p>Wir freuen uns \u00fcber Ihr Interesse und \u2013 noch besser \u2013 Ihre gesch\u00e4tzte Teilnahme. Weitere Informationen: <a href=\"http:\/\/www.politstammtisch-nh.ch\" data-type=\"link\" data-id=\"www.politstammtisch-nh.ch\">www.politstammtisch-nh.ch<\/a><\/p>\n","protected":false},"excerpt":{"rendered":"<p>Die \u00fcberparteiliche IG lebendige Politik f\u00fchrt am Montag, 28.8.2023 ab 19 Uhr im Kirchacker Schulhaus eine \u00f6ffentliche Informations- und Diskussionsveranstaltung unter dem Titel \u00abNeuhausen macht Schule \u2013 aber wie?\u00bb durch. Dieser Anlass wurde durch uns, Nina Sch\u00e4rrer und Peter Fischli sind in der IG f\u00fcr die FDP t\u00e4tig, angestossen. Ziel ist, dass jeder und jede [&hellip;]<\/p>\n","protected":false},"author":3,"featured_media":0,"comment_status":"open","ping_status":"closed","sticky":false,"template":"","format":"standard","meta":{"footnotes":""},"categories":[13],"tags":[52,19],"class_list":["post-639","post","type-post","status-publish","format-standard","hentry","category-veranstaltung","tag-politstammtisch","tag-schule","entry"],"_links":{"self":[{"href":"https:\/\/fdp-neuhausen.ch\/index.php\/wp-json\/wp\/v2\/posts\/639","targetHints":{"allow":["GET"]}}],"collection":[{"href":"https:\/\/fdp-neuhausen.ch\/index.php\/wp-json\/wp\/v2\/posts"}],"about":[{"href":"https:\/\/fdp-neuhausen.ch\/index.php\/wp-json\/wp\/v2\/types\/post"}],"author":[{"embeddable":true,"href":"https:\/\/fdp-neuhausen.ch\/index.php\/wp-json\/wp\/v2\/users\/3"}],"replies":[{"embeddable":true,"href":"https:\/\/fdp-neuhausen.ch\/index.php\/wp-json\/wp\/v2\/comments?post=639"}],"version-history":[{"count":1,"href":"https:\/\/fdp-neuhausen.ch\/index.php\/wp-json\/wp\/v2\/posts\/639\/revisions"}],"predecessor-version":[{"id":640,"href":"https:\/\/fdp-neuhausen.ch\/index.php\/wp-json\/wp\/v2\/posts\/639\/revisions\/640"}],"wp:attachment":[{"href":"https:\/\/fdp-neuhausen.ch\/index.php\/wp-json\/wp\/v2\/media?parent=639"}],"wp:term":[{"taxonomy":"category","embeddable":true,"href":"https:\/\/fdp-neuhausen.ch\/index.php\/wp-json\/wp\/v2\/categories?post=639"},{"taxonomy":"post_tag","embeddable":true,"href":"https:\/\/fdp-neuhausen.ch\/index.php\/wp-json\/wp\/v2\/tags?post=639"}],"curies":[{"name":"wp","href":"https:\/\/api.w.org\/{rel}","templated":true}]}}